{"id":17385,"date":"2018-09-25T15:02:30","date_gmt":"2018-09-25T13:02:30","guid":{"rendered":"https:\/\/alonsoglass.eu\/?p=17385"},"modified":"2018-09-25T16:35:40","modified_gmt":"2018-09-25T14:35:40","slug":"instituto-cervantes-de-bruxelles-promoteur-de-la-collection-alonso-depuis-1999","status":"publish","type":"post","link":"https:\/\/alonsoglass.eu\/fr\/instituto-cervantes-de-bruxelles-promoteur-de-la-collection-alonso-depuis-1999\/","title":{"rendered":"Instituto Cervantes de Bruxelles, promoteur de la Collection Alonso depuis 1999"},"content":{"rendered":"<div id=\"cmsmasters_row_\" class=\"cmsmasters_row cmsmasters_color_scheme_default cmsmasters_row_top_default cmsmasters_row_bot_default cmsmasters_row_boxed\">\n<div class=\"cmsmasters_row_outer_parent\">\n<div class=\"cmsmasters_row_outer\">\n<div class=\"cmsmasters_row_inner\">\n<div class=\"cmsmasters_row_margin\">\n<div id=\"cmsmasters_column_\" class=\"cmsmasters_column one_first\">\n<div class=\"cmsmasters_column_inner\"><div class=\"cmsmasters_text\">\n<p>Que peut pousser quelqu&rsquo;un \u00e0 collectionner trois cents pi\u00e8ces de verre au cours de sa vie et donner ainsi le jour \u00e0 la collection priv\u00e9e la plus importante de Belgique?<\/p>\n<p>Derri\u00e8re cette inconnue se cache ce que nous pr\u00e9sentons ici : le catalogue complet d&rsquo;une fascination. Nous savons cependant que tout a commenc\u00e9 avec une pi\u00e8ce fran\u00e7aise que sa femme acheta comme cadeau de No\u00ebl pour sa m\u00e8re. Antonio Alonso la \u00ab\u00a0subtilisa\u00a0\u00bb habilement, lui fit acheter autre chose pour sa belle-m\u00e8re et donna libre cours \u00e0 son admiration pour l&rsquo;objet.<\/p>\n<p>Selon Claudio Magris, \u00ab\u00a0l&rsquo;art n&rsquo;existe pas sans cette passion sensuelle, curieuse et scrupuleuse de sentir le relief du physique, des d\u00e9tails, des formes, des odeurs\u00a0\u00bb. Antonio s&rsquo;est senti impr\u00e9gn\u00e9 de tout cela et l&rsquo;accumulation a \u00e9t\u00e9 suivie d&rsquo;une passion pour comprendre l&rsquo;origine et la signification de cr\u00e9er quelque chose d&rsquo;aussi beau pi\u00e9g\u00e9 dans les parois \u00e9troites et inoffensives d&rsquo;un cristal.<\/p>\n<p>En les achetant, il les a \u00e9tudi\u00e9es. Il \u00e9labora un manuscrit, jamais publi\u00e9 \u00e0 ce jour, dans lequel il catalogua l\u2019enti\u00e8ret\u00e9 de sa collection. Il classa les pi\u00e8ces par p\u00e9riodes artistiques et r\u00e9digea une introduction dans laquelle il nous rappelle que, bien que \u00ab\u00a0nous parlons commun\u00e9ment du cristal, nous devrions en fait nous r\u00e9f\u00e9rer au verre. Le r\u00e9sultat est une histoire succincte de l&rsquo;art du si\u00e8cle dernier racont\u00e9e \u00e0 travers des pi\u00e8ces que l&rsquo;on peut contempler au Design Museum Gent.<\/p>\n<\/div>\n<\/div><\/div>\n<\/div>\n<\/div>\n<\/div>\n<\/div>\n<\/div>\n<div id=\"cmsmasters_row_9kajw2qlj2\" class=\"cmsmasters_row cmsmasters_color_scheme_default cmsmasters_row_top_default cmsmasters_row_bot_default cmsmasters_row_boxed\">\n<div class=\"cmsmasters_row_outer_parent\">\n<div class=\"cmsmasters_row_outer\">\n<div class=\"cmsmasters_row_inner\">\n<div class=\"cmsmasters_row_margin\">\n<div id=\"cmsmasters_column_a3lqewqyhs\" class=\"cmsmasters_column one_third\">\n<div class=\"cmsmasters_column_inner\"><div class=\"aligncenter\"><div class=\"cmsmasters_img  cmsmasters_image_c\"><img src=\"https:\/\/alonsoglass.eu\/wp-content\/uploads\/2018\/09\/vsl_pieces_inconnues-222x300.png\" \/><\/div><\/div>\n<\/div><\/div>\n<div id=\"cmsmasters_column_53z2gpbzrb\" class=\"cmsmasters_column two_third\">\n<div class=\"cmsmasters_column_inner\"><div class=\"cmsmasters_text\">\n<p>C&rsquo;est un honneur pour l&rsquo;Instituto Cervantes de Bruxelles de publier, pour la premi\u00e8re fois, le catalogue complet de cette collection. En 1999, nous accueill\u00eemes en notre si\u00e8ge une s\u00e9lection de pi\u00e8ces du Val Saint-Lambert. Nous compl\u00e9tons maintenant une t\u00e2che entreprise par le fondateur lui-m\u00eame et que poursuit aujourd&rsquo;hui une de ses filles.<\/p>\n<\/div>\n<\/div><\/div>\n<\/div>\n<\/div>\n<\/div>\n<\/div>\n<\/div>\n<div id=\"cmsmasters_row_\" class=\"cmsmasters_row cmsmasters_color_scheme_default cmsmasters_row_top_default cmsmasters_row_bot_default cmsmasters_row_boxed\">\n<div class=\"cmsmasters_row_outer_parent\">\n<div class=\"cmsmasters_row_outer\">\n<div class=\"cmsmasters_row_inner\">\n<div class=\"cmsmasters_row_margin\">\n<div id=\"cmsmasters_column_\" class=\"cmsmasters_column one_first\">\n<div class=\"cmsmasters_column_inner\"><div class=\"cmsmasters_text\">\n<p>La passion d&rsquo;Antonio Alonso pour le verre le rallie \u00e0 l&rsquo;intention premi\u00e8re d&rsquo;un courant artistique qui atteint son apog\u00e9e avec l&rsquo;Art nouveau. Ce nouveau style estompa les fronti\u00e8res entre les arts et les situa sur un plan dignificateur, comme fut r\u00e9v\u00e9l\u00e9 en 1898 dans le premier num\u00e9ro de la revue viennoise Ver Sacrum: \u00ab\u00a0Nous ne faisons pas de diff\u00e9rence entre le \u00ab grand art \u00bb et les \u00ab arts mineurs \u00bb, entre l\u2019art pour les riches et l\u2019art pour les pauvres. L\u2019art est b\u00e9n\u00e9fique \u00e0 tous.\u00a0\u00bb<\/p>\n<p>L\u2019Alonso International Glass Collection en est un bon exemple.<\/p>\n<\/div>\n<\/div><\/div>\n<\/div>\n<\/div>\n<\/div>\n<\/div>\n<\/div>\n<div id=\"cmsmasters_row_ijh0hn7avw\" class=\"cmsmasters_row cmsmasters_color_scheme_default cmsmasters_row_top_default cmsmasters_row_bot_default cmsmasters_row_boxed\">\n<div class=\"cmsmasters_row_outer_parent\">\n<div class=\"cmsmasters_row_outer\">\n<div class=\"cmsmasters_row_inner\">\n<div class=\"cmsmasters_row_margin\">\n<div id=\"cmsmasters_column_mrbtod8ufe\" class=\"cmsmasters_column one_first\">\n<div class=\"cmsmasters_column_inner\">\n<div id=\"cmsmasters_divider_o168esk5tn\" class=\"cmsmasters_divider cmsmasters_divider_width_long cmsmasters_divider_pos_center\"><\/div>\n<\/div><\/div>\n<\/div>\n<\/div>\n<\/div>\n<\/div>\n<\/div>\n<div id=\"cmsmasters_row_gxpte8n17k\" class=\"cmsmasters_row cmsmasters_color_scheme_default cmsmasters_row_top_default cmsmasters_row_bot_default cmsmasters_row_boxed\">\n<div class=\"cmsmasters_row_outer_parent\">\n<div class=\"cmsmasters_row_outer\">\n<div class=\"cmsmasters_row_inner\">\n<div class=\"cmsmasters_row_margin\">\n<div id=\"cmsmasters_column_x56f3eozar\" class=\"cmsmasters_column two_third\">\n<div class=\"cmsmasters_column_inner\"><div id=\"cmsmasters_fb_az7fycq353\" class=\"cmsmasters_featured_block\">\n<div class=\"featured_block_inner\">\n<div class=\"featured_block_text\">\n<p style=\"text-align: right;\"><strong>Felipe Santos<br \/>\n<\/strong>Directeur de l\u2019Instituto Cervantes de Bruxelles<\/p>\n<p>Felipe Santos (Barcelone, 1970) est journaliste. Il a \u00e9crit en mati\u00e8re de musique, op\u00e9ra, th\u00e9\u00e2tre et litt\u00e9rature pour plusieurs publications culturelles espagnoles. Il a \u00e9t\u00e9 Directeur de communication au Teatro Real de Madrid, Professeur de mouvements artistiques contemporains et a prononc\u00e9 des conf\u00e9rences dans des institutions telles que la Fondation Juan March et le Museo Guggenheim Bilbao. En 2011, il fut finaliste du Prix Paco Rabal de journalisme culturel pour l&rsquo;article <em>\u00ab\u00a0El miedo creador de Pina Bausch\u00a0\u00bb<\/em>. Il dirige actuellement l&rsquo;Instituto Cervantes de Bruxelles.<\/p>\n\n<\/div>\n<\/div>\n<\/div>\n<\/div><\/div>\n<div id=\"cmsmasters_column_5b6l0s55ig\" class=\"cmsmasters_column one_third\">\n<div class=\"cmsmasters_column_inner\"><div class=\"aligncenter\"><div class=\"cmsmasters_img  cmsmasters_image_c\"><img src=\"https:\/\/alonsoglass.eu\/wp-content\/uploads\/2018\/09\/IMG_0928.jpg\" \/><\/div><\/div>\n<\/div><\/div>\n<\/div>\n<\/div>\n<\/div>\n<\/div>\n<\/div>\n\n","protected":false},"excerpt":{"rendered":"","protected":false},"author":1,"featured_media":17404,"comment_status":"closed","ping_status":"closed","sticky":false,"template":"","format":"standard","meta":[],"categories":[70],"tags":[],"_links":{"self":[{"href":"https:\/\/alonsoglass.eu\/fr\/wp-json\/wp\/v2\/posts\/17385\/"}],"collection":[{"href":"https:\/\/alonsoglass.eu\/fr\/wp-json\/wp\/v2\/posts\/"}],"about":[{"href":"https:\/\/alonsoglass.eu\/fr\/wp-json\/wp\/v2\/types\/post\/"}],"author":[{"embeddable":true,"href":"https:\/\/alonsoglass.eu\/fr\/wp-json\/wp\/v2\/users\/1\/"}],"replies":[{"embeddable":true,"href":"https:\/\/alonsoglass.eu\/fr\/wp-json\/wp\/v2\/comments\/?post=17385"}],"version-history":[{"count":7,"href":"https:\/\/alonsoglass.eu\/fr\/wp-json\/wp\/v2\/posts\/17385\/revisions\/"}],"predecessor-version":[{"id":17441,"href":"https:\/\/alonsoglass.eu\/fr\/wp-json\/wp\/v2\/posts\/17385\/revisions\/17441\/"}],"wp:featuredmedia":[{"embeddable":true,"href":"https:\/\/alonsoglass.eu\/fr\/wp-json\/wp\/v2\/media\/17404\/"}],"wp:attachment":[{"href":"https:\/\/alonsoglass.eu\/fr\/wp-json\/wp\/v2\/media\/?parent=17385"}],"wp:term":[{"taxonomy":"category","embeddable":true,"href":"https:\/\/alonsoglass.eu\/fr\/wp-json\/wp\/v2\/categories\/?post=17385"},{"taxonomy":"post_tag","embeddable":true,"href":"https:\/\/alonsoglass.eu\/fr\/wp-json\/wp\/v2\/tags\/?post=17385"}],"curies":[{"name":"wp","href":"https:\/\/api.w.org\/{rel}","templated":true}]}}